{"id":1453,"date":"2013-04-23T14:09:02","date_gmt":"2013-04-23T12:09:02","guid":{"rendered":"http:\/\/gbgblues.se\/wp\/?p=1453"},"modified":"2014-03-22T23:04:59","modified_gmt":"2014-03-22T22:04:59","slug":"lor-18-maj-sam-vesterberg-med-al-tehler-and-friends","status":"publish","type":"post","link":"https:\/\/gbgblues.se\/wp\/lor-18-maj-sam-vesterberg-med-al-tehler-and-friends\/","title":{"rendered":"L\u00f6r 18 maj: SAM VESTERBERG &#8212; RICHARD TEHLER och Bluesbandet"},"content":{"rendered":"<p><a href=\"https:\/\/gbgblues.se\/wp\/wp-content\/uploads\/2013\/03\/Sam-Vesterberg-2.jpg\"><img loading=\"lazy\" class=\"aligncenter size-full wp-image-1512\" src=\"https:\/\/gbgblues.se\/wp\/wp-content\/uploads\/2013\/03\/Sam-Vesterberg-2.jpg\" alt=\"\" width=\"960\" height=\"704\" srcset=\"https:\/\/gbgblues.se\/wp\/wp-content\/uploads\/2013\/03\/Sam-Vesterberg-2.jpg 960w, https:\/\/gbgblues.se\/wp\/wp-content\/uploads\/2013\/03\/Sam-Vesterberg-2-300x220.jpg 300w\" sizes=\"(max-width: 960px) 100vw, 960px\" \/><\/a><\/p>\n<p>Sam Vesterberg, s\u00e5ng\/gitarr<\/p>\n<p>Richard Tehler, gitarr<\/p>\n<p>Mats Boogh, bas<\/p>\n<p>Al Tehler, gitarr<\/p>\n<p>Dan Helgesen, orgel<\/p>\n<p>Roger M\u00f6rck, trummor<\/p>\n<h2>Konsertdetaljer<\/h2>\n<dl>\n<dt>Datum och tid:<\/dt>\n<dd>L\u00f6rdag 18 maj, 2013, kassan \u00f6ppnar ca kl 20:00<\/dd>\n<dd><a title=\"\u00f6ppnas i nytt f\u00f6nster\" href=\"http:\/\/www.myspace.com\/samvesterberg\" target=\"_blank\"><span style=\"text-decoration: underline\">Sam Vesterberg\u00bb<\/span><\/a><\/dd>\n<dt>\u00a0\u00a0\u00a0\u00a0\u00a0\u00a0\u00a0\u00a0\u00a0\u00a0\u00a0\u00a0\u00a0 Spellokal:<\/dt>\n<dd><a title=\"\u00f6ppnas i nytt f\u00f6nster\" href=\"http:\/\/www.ssmarieholm.se\/\" target=\"_blank\">S\/S Marieholm \u00bb<\/a><\/dd>\n<dt>Biljettpris:<\/dt>\n<dd>100:- (80:- medlemmar)<\/dd>\n<dt>Typ av arrangemang:<\/dt>\n<dd>GBF Blues<\/dd>\n<dt>\u00d6vrig info:<\/dt>\n<dt>\u00a0\u00a0\u00a0\u00a0\u00a0\u00a0\u00a0\u00a0\u00a0\u00a0\u00a0\u00a0 Blues Jam fr\u00e5n 16:00 &#8211; 19.00<\/dt>\n<\/dl>\n<p>\u00a0\u00a0\u00a0\u00a0\u00a0\u00a0\u00a0\u00a0\u00a0\u00a0\u00a0\u00a0 Bandet b\u00f6rjar spela ca 21:00.<\/p>\n<dl>\n<dd>S\/S Marieholm har fullst\u00e4ndiga r\u00e4ttigheter.<\/dd>\n<\/dl>\n","protected":false},"excerpt":{"rendered":"<p>Sam Vesterberg, s\u00e5ng\/gitarr Richard Tehler, gitarr Mats Boogh, bas Al Tehler, gitarr Dan Helgesen, orgel Roger M\u00f6rck, trummor Konsertdetaljer Datum och tid: L\u00f6rdag 18 maj, 2013, kassan \u00f6ppnar ca kl 20:00 Sam Vesterberg\u00bb \u00a0\u00a0\u00a0\u00a0\u00a0\u00a0\u00a0\u00a0\u00a0\u00a0\u00a0\u00a0\u00a0 Spellokal: S\/S Marieholm \u00bb Biljettpris: 100:- &hellip;<\/p>\n<p class=\"read-more\"> <a class=\"more-link\" href=\"https:\/\/gbgblues.se\/wp\/lor-18-maj-sam-vesterberg-med-al-tehler-and-friends\/\"> <span class=\"screen-reader-text\">L\u00f6r 18 maj: SAM VESTERBERG &#8212; RICHARD TEHLER och Bluesbandet<\/span> L\u00e4s mer &raquo;<\/a><\/p>\n","protected":false},"author":2,"featured_media":0,"comment_status":"closed","ping_status":"closed","sticky":false,"template":"","format":"standard","meta":[],"categories":[6],"tags":[],"_links":{"self":[{"href":"https:\/\/gbgblues.se\/wp\/wp-json\/wp\/v2\/posts\/1453"}],"collection":[{"href":"https:\/\/gbgblues.se\/wp\/wp-json\/wp\/v2\/posts"}],"about":[{"href":"https:\/\/gbgblues.se\/wp\/wp-json\/wp\/v2\/types\/post"}],"author":[{"embeddable":true,"href":"https:\/\/gbgblues.se\/wp\/wp-json\/wp\/v2\/users\/2"}],"replies":[{"embeddable":true,"href":"https:\/\/gbgblues.se\/wp\/wp-json\/wp\/v2\/comments?post=1453"}],"version-history":[{"count":14,"href":"https:\/\/gbgblues.se\/wp\/wp-json\/wp\/v2\/posts\/1453\/revisions"}],"predecessor-version":[{"id":2955,"href":"https:\/\/gbgblues.se\/wp\/wp-json\/wp\/v2\/posts\/1453\/revisions\/2955"}],"wp:attachment":[{"href":"https:\/\/gbgblues.se\/wp\/wp-json\/wp\/v2\/media?parent=1453"}],"wp:term":[{"taxonomy":"category","embeddable":true,"href":"https:\/\/gbgblues.se\/wp\/wp-json\/wp\/v2\/categories?post=1453"},{"taxonomy":"post_tag","embeddable":true,"href":"https:\/\/gbgblues.se\/wp\/wp-json\/wp\/v2\/tags?post=1453"}],"curies":[{"name":"wp","href":"https:\/\/api.w.org\/{rel}","templated":true}]}}