{"id":411,"date":"2012-08-21T18:05:23","date_gmt":"2012-08-21T16:05:23","guid":{"rendered":"http:\/\/gbgblues.se\/wp\/?p=411"},"modified":"2014-03-22T22:31:01","modified_gmt":"2014-03-22T21:31:01","slug":"lor-20-okt-eric-bibb-ale-moller-och-knut-reiersrud","status":"publish","type":"post","link":"https:\/\/gbgblues.se\/wp\/lor-20-okt-eric-bibb-ale-moller-och-knut-reiersrud\/","title":{"rendered":"L\u00f6r 20 okt: Bluesm\u00f6te \u2013 M\u00f6ller, Bibb &amp; Reiersrud p\u00e5 Musikens Hus &#038; bandet Sm\u00e5 F\u00f6tter &#8221;f\u00f6rk\u00f6p rekommenderas&#8221;"},"content":{"rendered":"<h2><\/h2>\n<h2><a href=\"https:\/\/gbgblues.se\/wp\/wp-content\/uploads\/2012\/08\/bluesmote-2.jpg\"><img loading=\"lazy\" class=\"aligncenter size-full wp-image-545\" src=\"https:\/\/gbgblues.se\/wp\/wp-content\/uploads\/2012\/08\/bluesmote-2.jpg\" alt=\"\" width=\"525\" height=\"290\" \/><\/a><\/h2>\n<p>Nu \u00e4r det dags \u2013 tre av musikv\u00e4rldens giganter ett eget sound genom att sammanf\u00f6ra blues medst\u00e5r p\u00e5 scen tillsammans f\u00f6r f\u00f6rsta g\u00e5ngen. Med blues, v\u00e4rldsmusik och folkmusik av b\u00e4sta klass \u00e4r musikerkungarna redo att f\u00e5 publiken att hisna.<\/p>\n<p>Multiinstrumentalisten och v\u00e4rldsmusikern Ale M\u00f6ller bygger ett eget musiklandskap, grundat p\u00e5 traditioner fr\u00e5n m\u00e5nga h\u00e5ll. F\u00e5 kan som Ale M\u00f6ller skapa tokgl\u00e4dje b\u00e5de p\u00e5 och utanf\u00f6r scenen.<\/p>\n<p>Eric Bibb v\u00e4xte upp i New York i en familj full av musiker. Som innerlig bluestolkare med en varm och sammetslen r\u00f6st, \u00e4r han prisad v\u00e4rlden \u00f6ver. Han f\u00f6renar soul, jazz, gospel och blues som ingen annan.<\/p>\n<p>Den egensinnige norske bluesgitarristen Knut Reiersrud \u00e4r en pionj\u00e4r inom den skandinaviska v\u00e4rldsmusiken. Med stor nyfikenhet har han skapat ett eget sound genom att sammanf\u00f6ra folkmusik fr\u00e5n olika delar av v\u00e4rlden. Han har \u00f6ppnat \u00f6ronen f\u00f6r nya klanger i bluesens v\u00e4rld f\u00f6r den breda publiken.<\/p>\n<h2>Konsertdetaljer<\/h2>\n<dl>\n<dt><span style=\"font-family: ARIAL; font-size: small;\"><span style=\"font-family: ARIAL; font-size: small;\">\u00a0<span style=\"font-family: ARIAL; font-size: small;\"><span style=\"font-family: Georgia, Times New Roman, Times, serif; font-size: small;\"><span style=\"font-family: Arial, Helvetica, sans-serif;\">Ett samarrangemang mellan<\/span><\/span><\/span> Kultur i V\u00e4st och G\u00f6teborgs Bluesf\u00f6rening<\/span><\/span><\/dt>\n<dt><span style=\"font-family: ARIAL; font-size: small;\"><span style=\"font-family: ARIAL; font-size: small;\"><a title=\"\u00f6ppnas i nytt f\u00f6nster\" href=\"http:\/\/www.kulturivast.se\/\" target=\"_blank\">Kultur i V\u00e4st\u00bb<\/a>\u00a0\u00a0\u00a0\u00a0\u00a0\u00a0 <\/span><\/span><\/dt>\n<dt>Datum och tid:<\/dt>\n<dd>L\u00f6rdag 20 okt, 2012, kl 20.00<\/dd>\n<dt>Artister:<\/dt>\n<dd><a title=\"\u00f6ppnas i nytt f\u00f6nster\" href=\"http:\/\/www.ericbibb.com\/\" target=\"_blank\">Eric Bibb\u00bb<\/a><\/dd>\n<dd><a title=\"\u00f6ppnas i nytt f\u00f6nster\" href=\"http:\/\/www.alemoller.se\/\" target=\"_blank\">Ale M\u00f6ller\u00bb<\/a><\/dd>\n<dd><a title=\"\u00f6ppnas i nytt f\u00f6nster\" href=\"http:\/\/www.knutreiersrud.no\/\" target=\"_blank\">Knut Reiersrud\u00bb<\/a><\/dd>\n<dd>Sm\u00e5 F\u00f6tter\u00bb<\/dd>\n<dt>Spellokal:<\/dt>\n<dd><a title=\"\u00f6ppnas i nytt f\u00f6nster\" href=\"http:\/\/www.musikenshus.se\/\" target=\"_blank\">Musikens Hus \u00bb<\/a><\/dd>\n<dt>\u00a0<\/dt>\n<dd>\u00a0<\/dd>\n<dt>Typ av arrangemang:<\/dt>\n<dd>Blues i Musikens Hus<\/dd>\n<dd>\u00a0<\/dd>\n<dt>\u00d6vrig info:<\/dt>\n<\/dl>\n<ul>\n<li>Fullst\u00e4ndiga r\u00e4ttigheter.<\/li>\n<li>Bandet b\u00f6rjar spela ca 20:30.<\/li>\n<li>Pris:<\/li>\n<li>300:- f\u00f6r icke medlemmar<\/li>\n<li>250:- f\u00f6r medlemmar i G\u00f6teborgs Bluesf\u00f6rening<\/li>\n<li>F\u00f6rk\u00f6psst\u00e4llen: Ticnet, Pustervik och Bengans<\/li>\n<\/ul>\n<dl>\n<dd>\u00a0<\/dd>\n<\/dl>\n","protected":false},"excerpt":{"rendered":"<p>Nu \u00e4r det dags \u2013 tre av musikv\u00e4rldens giganter ett eget sound genom att sammanf\u00f6ra blues medst\u00e5r p\u00e5 scen tillsammans f\u00f6r f\u00f6rsta g\u00e5ngen. Med blues, v\u00e4rldsmusik och folkmusik av b\u00e4sta klass \u00e4r musikerkungarna redo att f\u00e5 publiken att hisna. Multiinstrumentalisten &hellip;<\/p>\n<p class=\"read-more\"> <a class=\"more-link\" href=\"https:\/\/gbgblues.se\/wp\/lor-20-okt-eric-bibb-ale-moller-och-knut-reiersrud\/\"> <span class=\"screen-reader-text\">L\u00f6r 20 okt: Bluesm\u00f6te \u2013 M\u00f6ller, Bibb &amp; Reiersrud p\u00e5 Musikens Hus &#038; bandet Sm\u00e5 F\u00f6tter &#8221;f\u00f6rk\u00f6p rekommenderas&#8221;<\/span> L\u00e4s mer &raquo;<\/a><\/p>\n","protected":false},"author":2,"featured_media":0,"comment_status":"closed","ping_status":"closed","sticky":false,"template":"","format":"standard","meta":[],"categories":[9],"tags":[],"_links":{"self":[{"href":"https:\/\/gbgblues.se\/wp\/wp-json\/wp\/v2\/posts\/411"}],"collection":[{"href":"https:\/\/gbgblues.se\/wp\/wp-json\/wp\/v2\/posts"}],"about":[{"href":"https:\/\/gbgblues.se\/wp\/wp-json\/wp\/v2\/types\/post"}],"author":[{"embeddable":true,"href":"https:\/\/gbgblues.se\/wp\/wp-json\/wp\/v2\/users\/2"}],"replies":[{"embeddable":true,"href":"https:\/\/gbgblues.se\/wp\/wp-json\/wp\/v2\/comments?post=411"}],"version-history":[{"count":22,"href":"https:\/\/gbgblues.se\/wp\/wp-json\/wp\/v2\/posts\/411\/revisions"}],"predecessor-version":[{"id":2829,"href":"https:\/\/gbgblues.se\/wp\/wp-json\/wp\/v2\/posts\/411\/revisions\/2829"}],"wp:attachment":[{"href":"https:\/\/gbgblues.se\/wp\/wp-json\/wp\/v2\/media?parent=411"}],"wp:term":[{"taxonomy":"category","embeddable":true,"href":"https:\/\/gbgblues.se\/wp\/wp-json\/wp\/v2\/categories?post=411"},{"taxonomy":"post_tag","embeddable":true,"href":"https:\/\/gbgblues.se\/wp\/wp-json\/wp\/v2\/tags?post=411"}],"curies":[{"name":"wp","href":"https:\/\/api.w.org\/{rel}","templated":true}]}}